{"id":82423,"date":"2026-01-22T10:50:14","date_gmt":"2026-01-22T09:50:14","guid":{"rendered":"https:\/\/euro-tax.com\/?p=82423"},"modified":"2026-01-22T10:50:15","modified_gmt":"2026-01-22T09:50:15","slug":"zile-libere-si-sarbatori-in-olanda","status":"publish","type":"post","link":"https:\/\/euro-tax.com\/ro\/blog\/zile-libere-si-sarbatori-in-olanda\/","title":{"rendered":"Zile libere \u0219i s\u0103rb\u0103tori \u00een Olanda \u00een 2026"},"content":{"rendered":"<div class=\"mceContentBody mceFrontEnd\">\n    \n      <section id=\"simple-text-block_7ea3e5334cc3ef72d59de4d65ee3e00f\" class=\"simple-text lozad\">\n        <div class=\"container\" id=\"\">\n          <div class=\"row\">\n                          <div class=\"content\">\n                <p>Olanda are \u00een 2026 mai multe s\u0103rb\u0103tori oficiale care, de multe ori (dar nu \u00eentotdeauna), sunt considerate zile libere. Este important de \u0219tiut c\u0103 legisla\u021bia olandez\u0103 nu garanteaz\u0103 automat zi liber\u0103 pentru fiecare s\u0103rb\u0103toare legal\u0103. Acordarea liberului depinde de contractul de munc\u0103 \u0219i de politica angajatorului.<\/p>\n<p>&nbsp;<\/p>\n<p data-start=\"507\" data-end=\"611\">Mai jos se afl\u0103 lista s\u0103rb\u0103torilor oficiale din 2026, care sunt adesea tratate ca zile libere \u00een Olanda:<\/p>\n<ul>\n<li data-start=\"613\" data-end=\"986\">1 ianuarie \u2013 Anul Nou (Nieuwjaarsdag)<\/li>\n<li data-start=\"613\" data-end=\"986\">5 aprilie \u2013 Duminica Pa\u0219telui (Eerste Paasdag)<\/li>\n<li data-start=\"613\" data-end=\"986\">6 aprilie \u2013 A doua zi de Pa\u0219te (Tweede Paasdag)<\/li>\n<li data-start=\"613\" data-end=\"986\">27 aprilie \u2013 Ziua Regelui (Koningsdag)<\/li>\n<li data-start=\"613\" data-end=\"986\">14 mai \u2013 Ziua \u00cen\u0103l\u021b\u0103rii (Hemelvaartsdag)<\/li>\n<li data-start=\"613\" data-end=\"986\">24 mai \u2013 Rusalii (Eerste Pinksterdag)<\/li>\n<li data-start=\"613\" data-end=\"986\">25 decembrie \u2013 Prima zi de Cr\u0103ciun (Eerste Kerstdag)<\/li>\n<li data-start=\"613\" data-end=\"986\">26 decembrie \u2013 A doua zi de Cr\u0103ciun (Tweede Kerstdag)<\/li>\n<\/ul>\n<p><img decoding=\"async\" class=\"alignnone size-full wp-image-82424\" src=\"https:\/\/euro-tax.com\/wp-content\/uploads\/2026\/01\/Tall-image-post-3-1.png\" alt=\"\" width=\"1006\" height=\"500\" srcset=\"https:\/\/euro-tax.com\/wp-content\/uploads\/2026\/01\/Tall-image-post-3-1.png 1006w, https:\/\/euro-tax.com\/wp-content\/uploads\/2026\/01\/Tall-image-post-3-1-300x149.png 300w, https:\/\/euro-tax.com\/wp-content\/uploads\/2026\/01\/Tall-image-post-3-1-768x382.png 768w, https:\/\/euro-tax.com\/wp-content\/uploads\/2026\/01\/Tall-image-post-3-1-34x17.png 34w, https:\/\/euro-tax.com\/wp-content\/uploads\/2026\/01\/Tall-image-post-3-1-320x159.png 320w, https:\/\/euro-tax.com\/wp-content\/uploads\/2026\/01\/Tall-image-post-3-1-400x199.png 400w, https:\/\/euro-tax.com\/wp-content\/uploads\/2026\/01\/Tall-image-post-3-1-250x124.png 250w, https:\/\/euro-tax.com\/wp-content\/uploads\/2026\/01\/Tall-image-post-3-1-900x447.png 900w, https:\/\/euro-tax.com\/wp-content\/uploads\/2026\/01\/Tall-image-post-3-1-201x100.png 201w, https:\/\/euro-tax.com\/wp-content\/uploads\/2026\/01\/Tall-image-post-3-1-864x429.png 864w\" sizes=\"(max-width: 1006px) 100vw, 1006px\" \/><\/p>\n<p>&nbsp;<\/p>\n<h2>S\u0103rb\u0103tori populare \u00een Olanda<\/h2>\n<p>Pe l\u00e2ng\u0103 s\u0103rb\u0103torile oficiale, \u00een Olanda exist\u0103 \u0219i alte zile care sunt celebrate pe scar\u0103 larg\u0103 sau au importan\u021b\u0103 cultural\u0103, <strong>de\u0219i nu sunt garantate legal ca zile libere<\/strong>:<\/p>\n<ul>\n<li data-start=\"1062\" data-end=\"1231\">14 februarie \u2013 Ziua \u00cendr\u0103gosti\u021bilor (Valentijnsdag)<\/li>\n<li data-start=\"1062\" data-end=\"1231\">3 aprilie \u2013 Vinerea Mare (Goede Vrijdag)<\/li>\n<li data-start=\"1062\" data-end=\"1231\">4 mai \u2013 Ziua Comemor\u0103rii (Nationale Herdenking)<\/li>\n<li data-start=\"1062\" data-end=\"1231\">5 mai \u2013 Ziua Eliber\u0103rii (Bevrijdingsdag)<\/li>\n<li data-start=\"1062\" data-end=\"1231\">1 noiembrie \u2013 Ziua Tuturor Sfin\u021bilor (Allerheiligen)<\/li>\n<li data-start=\"1062\" data-end=\"1231\">6 decembrie \u2013 Ziua Sf\u00e2ntului Nicolae (Sinterklaas)<\/li>\n<li data-start=\"1062\" data-end=\"1231\">24 decembrie \u2013 Ajunul Cr\u0103ciunului (Kerstavond)<\/li>\n<li data-start=\"1062\" data-end=\"1231\">31 decembrie \u2013 Revelion (De jaarwisseling)<\/li>\n<\/ul>\n<h2 data-start=\"1631\" data-end=\"1683\">Cum s\u0103 v\u0103 planifica\u021bi concediul \u00een 2026 \u00een Olanda?<\/h2>\n<p data-start=\"1685\" data-end=\"1816\">\u00cen 2026, c\u00e2teva s\u0103rb\u0103tori din Olanda cad favorabil \u0219i ofer\u0103 posibilitatea de a planifica un weekend prelungit sau un mini-concediu:<\/p>\n<ul>\n<li data-start=\"1818\" data-end=\"1971\">27 aprilie \u2013 Ziua Regelui (Koningsdag) cade luni \u2013 este suficient s\u0103 v\u0103 lua\u021bi liber vineri, 24 aprilie, pentru a v\u0103 bucura de un weekend de patru zile.<\/li>\n<li data-start=\"1973\" data-end=\"2185\">14 mai \u2013 Ziua \u00cen\u0103l\u021b\u0103rii (Hemelvaartsdag) cade joi \u2013 \u00een multe companii, vinerea de dup\u0103 aceast\u0103 zi este liber\u0103 sau poate fi u\u0219or planificat\u0103 ca zi de concediu. Acest lucru ofer\u0103 patru zile de odihn\u0103 (14\u201317 mai).<\/li>\n<li data-start=\"2187\" data-end=\"2285\">24\u201325 mai \u2013 Rusaliile (Eerste Pinksterdag) sunt duminic\u0103 \u0219i luni \u2013 un weekend prelungit natural.<\/li>\n<li data-start=\"2287\" data-end=\"2447\">Cr\u0103ciunul (Eerste Kerstdag) \u0219i A doua zi de Cr\u0103ciun (Tweede Kerstdag) \u2013 lu\u00e2nd liber pe 24 decembrie (Ajunul), pute\u021bi ob\u021bine patru zile de odihn\u0103 de s\u0103rb\u0103tori.<\/li>\n<li data-start=\"2449\" data-end=\"2625\">Revelionul (De jaarwisseling) \u2013 dac\u0103 v\u0103 lua\u021bi liber \u00een aceast\u0103 zi, \u00eempreun\u0103 cu ziua liber\u0103 legal\u0103 de 1 ianuarie \u2013 Anul Nou (Nieuwjaarsdag), ave\u021bi \u00eenc\u0103 patru zile de concediu.<\/li>\n<\/ul>\n<p data-start=\"1685\" data-end=\"1816\">\n              <\/div>\n                      <\/div>\n        <\/div>\n      <\/section>\n\n    \n  \n\n\n\n    \n      <section id=\"simple-button-block_e9776320ed75813d5b9a7d107247d71a\" class=\"simple-button lozad\">\n        <div class=\"container\">\n          <div class=\"row\">\n            <div class=\"col-xs-20 offset-sm-1 col-sm-18\">\n              <div class=\"text--centered\">\n                                                                <\/div>\n            <\/div>\n          <\/div>\n        <\/div>\n      <\/section>\n\n    \n  \n<\/div>","protected":false},"excerpt":{"rendered":"","protected":false},"author":16,"featured_media":82436,"comment_status":"closed","ping_status":"closed","sticky":false,"template":"","format":"standard","meta":{"footnotes":""},"categories":[54,50,56],"tags":[],"class_list":["post-82423","post","type-post","status-publish","has-post-thumbnail","hentry","category-beneficii-din-olanda","category-olanda","category-taxe-in-general"],"aioseo_notices":[],"acf":[],"_links":{"self":[{"href":"https:\/\/euro-tax.com\/ro\/wp-json\/wp\/v2\/posts\/82423","targetHints":{"allow":["GET"]}}],"collection":[{"href":"https:\/\/euro-tax.com\/ro\/wp-json\/wp\/v2\/posts"}],"about":[{"href":"https:\/\/euro-tax.com\/ro\/wp-json\/wp\/v2\/types\/post"}],"author":[{"embeddable":true,"href":"https:\/\/euro-tax.com\/ro\/wp-json\/wp\/v2\/users\/16"}],"replies":[{"embeddable":true,"href":"https:\/\/euro-tax.com\/ro\/wp-json\/wp\/v2\/comments?post=82423"}],"version-history":[{"count":8,"href":"https:\/\/euro-tax.com\/ro\/wp-json\/wp\/v2\/posts\/82423\/revisions"}],"predecessor-version":[{"id":82441,"href":"https:\/\/euro-tax.com\/ro\/wp-json\/wp\/v2\/posts\/82423\/revisions\/82441"}],"wp:featuredmedia":[{"embeddable":true,"href":"https:\/\/euro-tax.com\/ro\/wp-json\/wp\/v2\/media\/82436"}],"wp:attachment":[{"href":"https:\/\/euro-tax.com\/ro\/wp-json\/wp\/v2\/media?parent=82423"}],"wp:term":[{"taxonomy":"category","embeddable":true,"href":"https:\/\/euro-tax.com\/ro\/wp-json\/wp\/v2\/categories?post=82423"},{"taxonomy":"post_tag","embeddable":true,"href":"https:\/\/euro-tax.com\/ro\/wp-json\/wp\/v2\/tags?post=82423"}],"curies":[{"name":"wp","href":"https:\/\/api.w.org\/{rel}","templated":true}]}}