{"id":81327,"date":"2026-01-28T14:15:00","date_gmt":"2026-01-28T13:15:00","guid":{"rendered":"https:\/\/euro-tax.com\/?p=81327"},"modified":"2026-01-28T12:59:04","modified_gmt":"2026-01-28T11:59:04","slug":"suma-neimpozabila-in-olanda","status":"publish","type":"post","link":"https:\/\/euro-tax.com\/ro\/blog\/suma-neimpozabila-in-olanda\/","title":{"rendered":"Suma neimpozabil\u0103 \u00een Olanda \u00een 2026"},"content":{"rendered":"<div class=\"mceContentBody mceFrontEnd\">\n    \n      <section id=\"simple-text-block_0ab08970dfea3d53fcab5c733c27a2f4\" class=\"simple-text lozad\">\n        <div class=\"container\" id=\"\">\n          <div class=\"row\">\n                          <div class=\"content\">\n                <p><strong data-start=\"123\" data-end=\"256\">Mul\u021bi rom\u00e2ni care lucreaz\u0103 \u00een Olanda se \u00eentreab\u0103 dac\u0103 \u00een 2026 exist\u0103 o sum\u0103 neimpozabil\u0103 \u0219i cum func\u021bioneaz\u0103 aceasta \u00een practic\u0103.<\/strong> Este important de \u0219tiut c\u0103 sistemul fiscal olandez difer\u0103 de cel din Rom\u00e2nia \u2013 nu exist\u0103 aici o sum\u0103 fix\u0103, unic\u0103, neimpozabil\u0103, a\u0219a cum este cunoscut\u0103 \u00een \u021bar\u0103. \u00cen schimb, func\u021bioneaz\u0103 un sistem de reduceri fiscale, care pot diminua semnificativ valoarea <a href=\"https:\/\/euro-tax.com\/ro\/returnari-de-taxe\/din-olanda\/\">impozitului datorat \u00een Olanda<\/a>.<\/p>\n<p data-start=\"134\" data-end=\"540\"><img decoding=\"async\" class=\"alignnone size-full wp-image-81603\" src=\"https:\/\/euro-tax.com\/wp-content\/uploads\/2025\/10\/Tall-image-post-3.png\" alt=\"\" width=\"1006\" height=\"500\" srcset=\"https:\/\/euro-tax.com\/wp-content\/uploads\/2025\/10\/Tall-image-post-3.png 1006w, https:\/\/euro-tax.com\/wp-content\/uploads\/2025\/10\/Tall-image-post-3-300x149.png 300w, https:\/\/euro-tax.com\/wp-content\/uploads\/2025\/10\/Tall-image-post-3-768x382.png 768w, https:\/\/euro-tax.com\/wp-content\/uploads\/2025\/10\/Tall-image-post-3-34x17.png 34w, https:\/\/euro-tax.com\/wp-content\/uploads\/2025\/10\/Tall-image-post-3-320x159.png 320w, https:\/\/euro-tax.com\/wp-content\/uploads\/2025\/10\/Tall-image-post-3-400x199.png 400w, https:\/\/euro-tax.com\/wp-content\/uploads\/2025\/10\/Tall-image-post-3-250x124.png 250w, https:\/\/euro-tax.com\/wp-content\/uploads\/2025\/10\/Tall-image-post-3-900x447.png 900w, https:\/\/euro-tax.com\/wp-content\/uploads\/2025\/10\/Tall-image-post-3-201x100.png 201w, https:\/\/euro-tax.com\/wp-content\/uploads\/2025\/10\/Tall-image-post-3-864x429.png 864w\" sizes=\"(max-width: 1006px) 100vw, 1006px\" \/><\/p>\n<h2 data-start=\"581\" data-end=\"630\">Cum func\u021bioneaz\u0103 suma neimpozabil\u0103 \u00een Olanda?<\/h2>\n<p data-start=\"632\" data-end=\"800\">\u00cen Olanda nu exist\u0103 o sum\u0103 neimpozabil\u0103 clasic\u0103. \u00cen schimb, fiecare contribuabil poate beneficia de a\u0219a-numita <strong data-start=\"743\" data-end=\"799\">reducere fiscal\u0103 general\u0103 (Algemene Heffingskorting)<\/strong>. \u00cen 2026, valoarea maxim\u0103 a acestei reduceri este de <strong data-start=\"854\" data-end=\"868\">3.115 euro<\/strong> \u0219i se acord\u0103 integral persoanelor al c\u0103ror venit anual nu dep\u0103\u0219e\u0219te <strong data-start=\"937\" data-end=\"952\">29.736 euro<\/strong>. Odat\u0103 cu cre\u0219terea veniturilor, aceast\u0103 reducere scade treptat, p\u00e2n\u0103 la dispari\u021bia complet\u0103 \u00een cazul veniturilor foarte mari.<\/p>\n<h2 data-start=\"1081\" data-end=\"1124\">Praguri de impozitare \u00een Olanda \u00een 2026<\/h2>\n<p data-start=\"1126\" data-end=\"1266\">Potrivit administra\u021biei fiscale olandeze (<a href=\"https:\/\/euro-tax.com\/ro\/blog\/belastingdienst\/\">Belastingdienst<\/a>), \u00een 2026 se aplic\u0103 urm\u0103toarele praguri de impozitare pentru veniturile din munc\u0103:<\/p>\n<p data-start=\"1268\" data-end=\"1444\"><strong data-start=\"1268\" data-end=\"1281\">Pragul I:<\/strong> venit p\u00e2n\u0103 la 38.883 euro \u2013 cot\u0103 de 35,75% pentru persoanele care nu au atins v\u00e2rsta de pensionare (17,85% pentru persoanele care au atins v\u00e2rsta de pensionare)<\/p>\n<p data-start=\"1446\" data-end=\"1513\"><strong data-start=\"1446\" data-end=\"1460\">Pragul II:<\/strong> venit \u00eentre 38.883 \u0219i 78.426 euro \u2013 cot\u0103 de 37,56%<\/p>\n<p data-start=\"1515\" data-end=\"1573\"><strong data-start=\"1515\" data-end=\"1530\">Pragul III:<\/strong> venit peste 78.426 euro \u2013 cot\u0103 de 49,50%<\/p>\n<p data-start=\"1575\" data-end=\"1674\">Cota mai mare de impozit se aplic\u0103 doar sumei care dep\u0103\u0219e\u0219te pragul respectiv, nu \u00eentregului venit.<\/p>\n<p data-start=\"1676\" data-end=\"1900\"><strong data-start=\"1676\" data-end=\"1688\">ATEN\u021aIE!<\/strong> Dac\u0103 a\u021bi atins v\u00e2rsta de pensionare, ve\u021bi pl\u0103ti o cot\u0103 mai mic\u0103 de impozit \u00een primul prag (17,85% pentru venituri p\u00e2n\u0103 la 38.883 \u20ac). Acest lucru se datoreaz\u0103 faptului c\u0103 nu mai pl\u0103ti\u021bi contribu\u021bii pentru pensie.<\/p>\n<h2 data-start=\"1902\" data-end=\"1945\">Praguri de impozitare \u00een Olanda \u00een 2025<\/h2>\n<p data-start=\"1947\" data-end=\"2113\">\u00cen 2025, \u00een Olanda au fost aplicabile trei praguri de impozitare pentru veniturile din munc\u0103 (a\u0219a-numitul <em data-start=\"2053\" data-end=\"2060\">box 1<\/em>, pentru persoanele \u00eenainte de v\u00e2rsta de pensionare):<\/p>\n<p data-start=\"2115\" data-end=\"2291\"><strong data-start=\"2115\" data-end=\"2128\">Pragul I:<\/strong> venit p\u00e2n\u0103 la 38.441 euro \u2013 cot\u0103 de 35,82% pentru persoanele care nu au atins v\u00e2rsta de pensionare (17,92% pentru persoanele care au atins v\u00e2rsta de pensionare)<\/p>\n<p data-start=\"2293\" data-end=\"2360\"><strong data-start=\"2293\" data-end=\"2307\">Pragul II:<\/strong> venit \u00eentre 38.441 \u0219i 76.817 euro \u2013 cot\u0103 de 37,48%<\/p>\n<p data-start=\"2362\" data-end=\"2420\"><strong data-start=\"2362\" data-end=\"2377\">Pragul III:<\/strong> venit peste 76.817 euro \u2013 cot\u0103 de 49,50%<\/p>\n<p data-start=\"2422\" data-end=\"2605\">Sistemul fiscal din Olanda ofer\u0103 \u0219i alte reduceri \u0219i beneficii suplimentare, care pot cre\u0219te semnificativ suma de restituit sau pot reduce avansurile de impozit re\u021binute de angajator.<\/p>\n<p data-start=\"2607\" data-end=\"2753\">Dac\u0103 dori\u021bi s\u0103 afla\u021bi mai multe despre reducerile fiscale din Olanda, le prezent\u0103m detaliat \u00een articolul nostru: <a href=\"https:\/\/euro-tax.com\/ro\/blog\/deducerile-fiscale-in-olanda\/\"><strong data-start=\"2720\" data-end=\"2752\">Deduceri fiscale \u00een Olanda<\/strong>.<\/a><\/p>\n<p><img decoding=\"async\" class=\"alignnone size-full wp-image-81606\" src=\"https:\/\/euro-tax.com\/wp-content\/uploads\/2025\/10\/2-1.png\" alt=\"\" width=\"1006\" height=\"500\" srcset=\"https:\/\/euro-tax.com\/wp-content\/uploads\/2025\/10\/2-1.png 1006w, https:\/\/euro-tax.com\/wp-content\/uploads\/2025\/10\/2-1-300x149.png 300w, https:\/\/euro-tax.com\/wp-content\/uploads\/2025\/10\/2-1-768x382.png 768w, https:\/\/euro-tax.com\/wp-content\/uploads\/2025\/10\/2-1-34x17.png 34w, https:\/\/euro-tax.com\/wp-content\/uploads\/2025\/10\/2-1-320x159.png 320w, https:\/\/euro-tax.com\/wp-content\/uploads\/2025\/10\/2-1-400x199.png 400w, https:\/\/euro-tax.com\/wp-content\/uploads\/2025\/10\/2-1-250x124.png 250w, https:\/\/euro-tax.com\/wp-content\/uploads\/2025\/10\/2-1-900x447.png 900w, https:\/\/euro-tax.com\/wp-content\/uploads\/2025\/10\/2-1-201x100.png 201w, https:\/\/euro-tax.com\/wp-content\/uploads\/2025\/10\/2-1-864x429.png 864w\" sizes=\"(max-width: 1006px) 100vw, 1006px\" \/><\/p>\n<h2 data-start=\"2755\" data-end=\"2766\">Rezumat<\/h2>\n<p data-start=\"2768\" data-end=\"2970\">\u00cen 2026 \u2013 ca \u0219i \u00een anii anteriori \u2013 \u00een Olanda nu exist\u0103 o sum\u0103 neimpozabil\u0103 fix\u0103. Un rol esen\u021bial \u00eel au reducerile fiscale, inclusiv reducerea fiscal\u0103 general\u0103, care poate ajunge p\u00e2n\u0103 la <strong data-start=\"2955\" data-end=\"2969\">3.115 euro<\/strong>. Este recomandat s\u0103 verifica\u021bi de ce reduceri pute\u021bi beneficia, pentru a v\u0103 optimiza declara\u021bia fiscal\u0103 \u0219i a cre\u0219te suma recuperat\u0103 din Olanda. De asemenea, este important s\u0103 \u021bine\u021bi cont de pragurile de impozitare actuale, care influen\u021beaz\u0103 valoarea obliga\u021biei fiscale c\u0103tre autoritatea fiscal\u0103 olandez\u0103.<\/p>\n              <\/div>\n                      <\/div>\n        <\/div>\n      <\/section>\n\n    \n  \n<\/div>","protected":false},"excerpt":{"rendered":"","protected":false},"author":14,"featured_media":81612,"comment_status":"closed","ping_status":"closed","sticky":false,"template":"","format":"standard","meta":{"footnotes":""},"categories":[54,50,47,46,56],"tags":[],"class_list":["post-81327","post","type-post","status-publish","has-post-thumbnail","hentry","category-beneficii-din-olanda","category-olanda","category-recuperare-beneficii","category-recuperare-impozit","category-taxe-in-general"],"aioseo_notices":[],"acf":[],"_links":{"self":[{"href":"https:\/\/euro-tax.com\/ro\/wp-json\/wp\/v2\/posts\/81327","targetHints":{"allow":["GET"]}}],"collection":[{"href":"https:\/\/euro-tax.com\/ro\/wp-json\/wp\/v2\/posts"}],"about":[{"href":"https:\/\/euro-tax.com\/ro\/wp-json\/wp\/v2\/types\/post"}],"author":[{"embeddable":true,"href":"https:\/\/euro-tax.com\/ro\/wp-json\/wp\/v2\/users\/14"}],"replies":[{"embeddable":true,"href":"https:\/\/euro-tax.com\/ro\/wp-json\/wp\/v2\/comments?post=81327"}],"version-history":[{"count":16,"href":"https:\/\/euro-tax.com\/ro\/wp-json\/wp\/v2\/posts\/81327\/revisions"}],"predecessor-version":[{"id":82567,"href":"https:\/\/euro-tax.com\/ro\/wp-json\/wp\/v2\/posts\/81327\/revisions\/82567"}],"wp:featuredmedia":[{"embeddable":true,"href":"https:\/\/euro-tax.com\/ro\/wp-json\/wp\/v2\/media\/81612"}],"wp:attachment":[{"href":"https:\/\/euro-tax.com\/ro\/wp-json\/wp\/v2\/media?parent=81327"}],"wp:term":[{"taxonomy":"category","embeddable":true,"href":"https:\/\/euro-tax.com\/ro\/wp-json\/wp\/v2\/categories?post=81327"},{"taxonomy":"post_tag","embeddable":true,"href":"https:\/\/euro-tax.com\/ro\/wp-json\/wp\/v2\/tags?post=81327"}],"curies":[{"name":"wp","href":"https:\/\/api.w.org\/{rel}","templated":true}]}}