{"id":76404,"date":"2017-11-30T12:10:00","date_gmt":"2017-11-30T11:10:00","guid":{"rendered":"https:\/\/euro-tax.com\/?p=76404"},"modified":"2024-12-09T12:17:43","modified_gmt":"2024-12-09T11:17:43","slug":"modificari-oficiale-importante-in-acordarea-alocatiei-germane-pentru-copii-kindergeld","status":"publish","type":"post","link":"https:\/\/euro-tax.com\/ro\/blog\/modificari-oficiale-importante-in-acordarea-alocatiei-germane-pentru-copii-kindergeld\/","title":{"rendered":"Modific\u0103ri oficiale importante \u00een acordarea Aloca\u021biei Germane pentru Copii Kindergeld"},"content":{"rendered":"<div class=\"mceContentBody mceFrontEnd\">\n    \n      <section id=\"simple-text-block_344788728d5e9c6953e81ee43a85a9f6\" class=\"simple-text lozad\">\n        <div class=\"container\" id=\"\">\n          <div class=\"row\">\n                          <div class=\"content\">\n                <p>\u00cencep\u00e2nd cu 1 ianuarie 2018, beneficiul Kindergeld va fi pl\u0103tit retroactiv doar pentru perioada ultimelor\u00a0<strong>6 luni lucrate,<\/strong>\u00a0\u0219i nu pentru ultimii 4 ani \u00eencheia\u021bi, cum a fost p\u00e2n\u0103 acum. \u00a0Schimb\u0103rile \u00eei vor afecta pe mul\u021bi rom\u00e2ni, \u00een special pe cei care \u00een mod frecvent solicit\u0103 primirea acestei aloca\u021bii din urm\u0103, cumulat pentru to\u021bi anii lucra\u021bi, abia dup\u0103 \u00eencheierea tuturor raporturilor de munc\u0103 la angajatorii germani.<\/p>\n<p>De ceva timp, presa german\u0103 ne ofer\u0103 o imagine ampl\u0103 a dezbaterii actuale ce are loc \u00een Germania, despre inten\u021biile de limitare a privilegiilor sociale pentru emigran\u021bi. \u1e6cin\u00e2nd cont de faptul c\u0103 institu\u021biile comunitare europene au declarat \u00een mod ferm \u0219i repetat c\u0103 blocheaz\u0103 orice \u00eencercare ce vizeaz\u0103 discriminarea cet\u0103\u021benilor altor state UE, autorit\u0103\u021bile germane au propus schimb\u0103ri legislative nu doar pentru emigran\u021bi, ci \u0219i pentru proprii cet\u0103\u021beni. \u00cen practic\u0103 \u00eens\u0103, aceste schimb\u0103ri \u00eei vor afecta \u00een principal pe emigran\u021bii care vin din \u021b\u0103rile Europei Centrale \u0219i de Est din motive economice, emigran\u021bi care adesea aplic\u0103 o singur\u0103 dat\u0103 pentru primirea aloca\u021biei ce li se cuvine, pentru perioada lucrat\u0103 anterior, \u0219i \u00een general la terminarea tuturor anilor de munc\u0103 \u00een Germania.<\/p>\n<p>\u00cen data de\u00a0<strong>24.06.2017<\/strong>, legea a fost aprobat\u0103 definitiv \u0219i publicat\u0103 \u00een Monitorul Oficial Federal. Consecin\u021ba este c\u0103 orice persoan\u0103 care depune o cerere la Familienkasse dup\u0103 data de 31.12.2017 va putea primi beneficiul Kindergeld doar pentru o perioad\u0103 maxim\u0103 de 6 luni \u00een urm\u0103. Pentru a\u0219a-zisul rom\u00e2n Popescu, ce lucreaz\u0103 \u00een Germania \u00een mod ne\u00eentrerupt de cel pu\u021bin 4 ani \u0219i are doi copii, \u0219i care nu a cerut \u00eenc\u0103 aceast\u0103 aloca\u021bie, efectul noii legi germane reprezint\u0103, pentru el, o pierdere de aproape 16.000 EUR.<\/p>\n<p>\u00centruc\u00e2t completarea \u0219i ob\u021binerea tuturor documentelor necesare dosarului Kindergeld dureaz\u0103 mult timp, persoanele care au lucrat \u00een Germania \u00een anii 2014-2017, ce sunt \u00eendrept\u0103\u021bite s\u0103 primeasc\u0103 aloca\u021bia \u0219i care nu au solicitat-o \u00eenc\u0103, trebuie s\u0103 \u00eendeplineasc\u0103 c\u00e2t mai repede formalit\u0103\u021bile, pentru a nu pierde banii care li se cuvin. Cererile pot fi depuse conform vechilor legi numai p\u00e2n\u0103 la finalul anului 2017, dar autorit\u0103\u021bile germane pot am\u00e2na analiza acestor cereri p\u00e2n\u0103 \u00een 2018, dac\u0103 \u00eenc\u0103rcarea Familienkasse va fi mare ca urmare a volumului semnificativ de cereri depuse.<\/p>\n<p>De asemenea, rom\u00e2nii care abia \u00eencep s\u0103 lucreze \u00een Germania trebuie s\u0103 \u00eenceap\u0103 imediat formalit\u0103\u021bile legate de ob\u021binerea aloca\u021biei, fiindc\u0103 dac\u0103 preg\u0103tirea dosarului le va ocupa mai mult de jum\u0103tate de an, atunci nu vor ob\u021bine \u00eentreaga sum\u0103 la care au dreptul.<\/p>\n<p>\u00centruc\u00e2t speciali\u0219tii Euro-tax urm\u0103resc \u00een mod curent orice schimbare a legisla\u021biei germane, v\u0103 putem informa \u00eenc\u0103 de pe acum despre noile prevederi. Astfel, v\u0103 ajut\u0103m s\u0103 depune\u021bi cererea pentru aloca\u021bie la termenele corespunz\u0103toare, \u0219i s\u0103 evita\u021bi pierderea banilor \u0219i a drepturilor ce vi se cuvin.<\/p>\n<p>Dac\u0103 ave\u021bi \u00eentreb\u0103ri suplimentare sau ave\u021bi nevoie de asisten\u021b\u0103 \u00een ob\u021binerea aloca\u021biei germane, v\u0103 rug\u0103m s\u0103 completa\u021bi formularul de mai jos, pentru a ne permite s\u0103 v\u0103 contact\u0103m. Ne va face pl\u0103cere s\u0103 v\u0103 sun\u0103m \u0219i s\u0103 v\u0103 oferim toate informa\u021biile recente despre aceste schimb\u0103ri, \u00een mod gratuit.<\/p>\n              <\/div>\n                      <\/div>\n        <\/div>\n      <\/section>\n\n    \n  \n<\/div>","protected":false},"excerpt":{"rendered":"","protected":false},"author":1,"featured_media":76405,"comment_status":"closed","ping_status":"closed","sticky":false,"template":"","format":"standard","meta":{"footnotes":""},"categories":[52],"tags":[],"class_list":["post-76404","post","type-post","status-publish","has-post-thumbnail","hentry","category-germania"],"aioseo_notices":[],"acf":[],"_links":{"self":[{"href":"https:\/\/euro-tax.com\/ro\/wp-json\/wp\/v2\/posts\/76404","targetHints":{"allow":["GET"]}}],"collection":[{"href":"https:\/\/euro-tax.com\/ro\/wp-json\/wp\/v2\/posts"}],"about":[{"href":"https:\/\/euro-tax.com\/ro\/wp-json\/wp\/v2\/types\/post"}],"author":[{"embeddable":true,"href":"https:\/\/euro-tax.com\/ro\/wp-json\/wp\/v2\/users\/1"}],"replies":[{"embeddable":true,"href":"https:\/\/euro-tax.com\/ro\/wp-json\/wp\/v2\/comments?post=76404"}],"version-history":[{"count":2,"href":"https:\/\/euro-tax.com\/ro\/wp-json\/wp\/v2\/posts\/76404\/revisions"}],"predecessor-version":[{"id":76409,"href":"https:\/\/euro-tax.com\/ro\/wp-json\/wp\/v2\/posts\/76404\/revisions\/76409"}],"wp:featuredmedia":[{"embeddable":true,"href":"https:\/\/euro-tax.com\/ro\/wp-json\/wp\/v2\/media\/76405"}],"wp:attachment":[{"href":"https:\/\/euro-tax.com\/ro\/wp-json\/wp\/v2\/media?parent=76404"}],"wp:term":[{"taxonomy":"category","embeddable":true,"href":"https:\/\/euro-tax.com\/ro\/wp-json\/wp\/v2\/categories?post=76404"},{"taxonomy":"post_tag","embeddable":true,"href":"https:\/\/euro-tax.com\/ro\/wp-json\/wp\/v2\/tags?post=76404"}],"curies":[{"name":"wp","href":"https:\/\/api.w.org\/{rel}","templated":true}]}}