{"id":76385,"date":"2018-12-13T12:06:00","date_gmt":"2018-12-13T11:06:00","guid":{"rendered":"https:\/\/euro-tax.com\/?p=76385"},"modified":"2024-12-09T12:20:21","modified_gmt":"2024-12-09T11:20:21","slug":"modificarea-temporara-a-programului-de-lucru","status":"publish","type":"post","link":"https:\/\/euro-tax.com\/ro\/blog\/modificarea-temporara-a-programului-de-lucru\/","title":{"rendered":"Modificarea temporar\u0103 a programului de lucru"},"content":{"rendered":"<div class=\"mceContentBody mceFrontEnd\">\n    \n      <section id=\"simple-text-block_dbe9025f086a8c546f3503db5214d6b3\" class=\"simple-text lozad\">\n        <div class=\"container\" id=\"\">\n          <div class=\"row\">\n                          <div class=\"content\">\n                <p>Dorim s\u0103 v\u0103 anun\u021b\u0103m c\u0103 \u00een perioada 13-14 respectiv 17-18 Decembrie, \u00eencep\u00e2nd cu ora 14:00, programul nostru cu publicul este \u00eenchis ca urmare a unor sesiuni de training intern. Ne cerem scuze pentru inconveninent \u0219i a\u0219tept\u0103m cu drag solicit\u0103rile \u00een restul zilelor lucr\u0103toare. O zi bun\u0103!<\/p>\n              <\/div>\n                      <\/div>\n        <\/div>\n      <\/section>\n\n    \n  \n<\/div>","protected":false},"excerpt":{"rendered":"","protected":false},"author":1,"featured_media":76386,"comment_status":"closed","ping_status":"closed","sticky":false,"template":"","format":"standard","meta":{"footnotes":""},"categories":[45],"tags":[],"class_list":["post-76385","post","type-post","status-publish","has-post-thumbnail","hentry","category-pagina-principala"],"aioseo_notices":[],"acf":[],"_links":{"self":[{"href":"https:\/\/euro-tax.com\/ro\/wp-json\/wp\/v2\/posts\/76385","targetHints":{"allow":["GET"]}}],"collection":[{"href":"https:\/\/euro-tax.com\/ro\/wp-json\/wp\/v2\/posts"}],"about":[{"href":"https:\/\/euro-tax.com\/ro\/wp-json\/wp\/v2\/types\/post"}],"author":[{"embeddable":true,"href":"https:\/\/euro-tax.com\/ro\/wp-json\/wp\/v2\/users\/1"}],"replies":[{"embeddable":true,"href":"https:\/\/euro-tax.com\/ro\/wp-json\/wp\/v2\/comments?post=76385"}],"version-history":[{"count":2,"href":"https:\/\/euro-tax.com\/ro\/wp-json\/wp\/v2\/posts\/76385\/revisions"}],"predecessor-version":[{"id":76390,"href":"https:\/\/euro-tax.com\/ro\/wp-json\/wp\/v2\/posts\/76385\/revisions\/76390"}],"wp:featuredmedia":[{"embeddable":true,"href":"https:\/\/euro-tax.com\/ro\/wp-json\/wp\/v2\/media\/76386"}],"wp:attachment":[{"href":"https:\/\/euro-tax.com\/ro\/wp-json\/wp\/v2\/media?parent=76385"}],"wp:term":[{"taxonomy":"category","embeddable":true,"href":"https:\/\/euro-tax.com\/ro\/wp-json\/wp\/v2\/categories?post=76385"},{"taxonomy":"post_tag","embeddable":true,"href":"https:\/\/euro-tax.com\/ro\/wp-json\/wp\/v2\/tags?post=76385"}],"curies":[{"name":"wp","href":"https:\/\/api.w.org\/{rel}","templated":true}]}}