{"id":76303,"date":"2023-10-05T11:47:00","date_gmt":"2023-10-05T09:47:00","guid":{"rendered":"https:\/\/euro-tax.com\/?p=76303"},"modified":"2024-12-09T12:24:26","modified_gmt":"2024-12-09T11:24:26","slug":"administratia-fiscala-belgiana-a-inceput-sa-trimita-cereri-de-reglementare","status":"publish","type":"post","link":"https:\/\/euro-tax.com\/ro\/blog\/administratia-fiscala-belgiana-a-inceput-sa-trimita-cereri-de-reglementare\/","title":{"rendered":"Administra\u021bia Fiscal\u0103 Belgian\u0103 a \u00eenceput s\u0103 trimit\u0103 cereri de reglementare"},"content":{"rendered":"<div class=\"mceContentBody mceFrontEnd\">\n    \n      <section id=\"simple-text-block_d14973e2917f3934a38960090f185800\" class=\"simple-text lozad\">\n        <div class=\"container\" id=\"\">\n          <div class=\"row\">\n                          <div class=\"content\">\n                <p>Ca \u00een fiecare an, Administra\u021bia Fiscal\u0103 Belgian\u0103 a \u00eenceput s\u0103 trimit\u0103 cereri de reglementare. Persoanele care au lucrat \u00een Belgia \u00een 2022 pot primi coresponden\u021b\u0103 specific\u0103, denumit\u0103 &#8222;cartea verde&#8221;.<\/p>\n<p>Scrisoarea are titlul &#8222;Aangifte in de belasting van niet-inwoners aanslagjaar 2023&#8221;. Dac\u0103 contribuabilul a primit un astfel de document, trebuie s\u0103 \u00eenceap\u0103 reglementarea c\u00e2t mai cur\u00e2nd posibil. Scrisoarea indic\u0103 data p\u00e2n\u0103 la care declara\u021bia trebuie primit\u0103 de la administra\u021bia fiscal\u0103. Mai jos este o fotografie a documentului. Aici, biroul a stabilit un termen limit\u0103 p\u00e2n\u0103 la 24 noiembrie 2023.<\/p>\n<p>Fiecare contribuabil care desf\u0103\u0219oar\u0103 activit\u0103\u021bi legale \u00een Belgia este obligat s\u0103-\u0219i reglementeze impozitul. Prin trimiterea cererilor, biroul \u00eencurajeaz\u0103 contribuabilii s\u0103 depun\u0103 documentele rapid; nerespectarea termenului poate duce la aplicarea de penalit\u0103\u021bi \u0219i dob\u00e2nzi.<\/p>\n<p>Noi am decontat taxele \u00een Belgia de ani de zile &#8211; \u0219tim ce reduceri \u0219i op\u021biuni de reglementare ar trebui alese pentru ca declara\u021bia s\u0103 fie preg\u0103tit\u0103 corect \u0219i \u00een cea mai favorabil\u0103 manier\u0103. V\u0103 \u00eencuraj\u0103m s\u0103 profita\u021bi de cuno\u0219tin\u021bele \u0219i experien\u021ba speciali\u0219tilor no\u0219tri.<\/p>\n<p><img decoding=\"async\" src=\"https:\/\/euro-tax.com\/upload\/wysiwyg\/images\/1.jpg\" alt=\"\" \/><\/p>\n              <\/div>\n                      <\/div>\n        <\/div>\n      <\/section>\n\n    \n  \n<\/div>","protected":false},"excerpt":{"rendered":"","protected":false},"author":1,"featured_media":76304,"comment_status":"closed","ping_status":"closed","sticky":false,"template":"","format":"standard","meta":{"footnotes":""},"categories":[49,46],"tags":[],"class_list":["post-76303","post","type-post","status-publish","has-post-thumbnail","hentry","category-belgia-ro","category-recuperare-impozit"],"aioseo_notices":[],"acf":[],"_links":{"self":[{"href":"https:\/\/euro-tax.com\/ro\/wp-json\/wp\/v2\/posts\/76303","targetHints":{"allow":["GET"]}}],"collection":[{"href":"https:\/\/euro-tax.com\/ro\/wp-json\/wp\/v2\/posts"}],"about":[{"href":"https:\/\/euro-tax.com\/ro\/wp-json\/wp\/v2\/types\/post"}],"author":[{"embeddable":true,"href":"https:\/\/euro-tax.com\/ro\/wp-json\/wp\/v2\/users\/1"}],"replies":[{"embeddable":true,"href":"https:\/\/euro-tax.com\/ro\/wp-json\/wp\/v2\/comments?post=76303"}],"version-history":[{"count":2,"href":"https:\/\/euro-tax.com\/ro\/wp-json\/wp\/v2\/posts\/76303\/revisions"}],"predecessor-version":[{"id":76308,"href":"https:\/\/euro-tax.com\/ro\/wp-json\/wp\/v2\/posts\/76303\/revisions\/76308"}],"wp:featuredmedia":[{"embeddable":true,"href":"https:\/\/euro-tax.com\/ro\/wp-json\/wp\/v2\/media\/76304"}],"wp:attachment":[{"href":"https:\/\/euro-tax.com\/ro\/wp-json\/wp\/v2\/media?parent=76303"}],"wp:term":[{"taxonomy":"category","embeddable":true,"href":"https:\/\/euro-tax.com\/ro\/wp-json\/wp\/v2\/categories?post=76303"},{"taxonomy":"post_tag","embeddable":true,"href":"https:\/\/euro-tax.com\/ro\/wp-json\/wp\/v2\/tags?post=76303"}],"curies":[{"name":"wp","href":"https:\/\/api.w.org\/{rel}","templated":true}]}}